{"id":889,"date":"2020-03-20T10:46:34","date_gmt":"2020-03-20T10:46:34","guid":{"rendered":"http:\/\/www.baltacorata1.ro\/?p=889"},"modified":"2020-04-24T11:04:18","modified_gmt":"2020-04-24T11:04:18","slug":"masuri-adoptate-de-balta-corata1-pentru-combaterea-pandemiei-de-coronavirus","status":"publish","type":"post","link":"https:\/\/clienti.webdesk.ro\/corata\/masuri-adoptate-de-balta-corata1-pentru-combaterea-pandemiei-de-coronavirus\/","title":{"rendered":"Masuri adoptate de Balta Corata1 pentru combaterea pandemiei de coronavirus"},"content":{"rendered":"<p>Dragi pescari ,<\/p>\n<p>In dorinta de a ne alinia masurilor generale de combatere a coronavirusului , si a reusi sa trecem cu bine peste aceasta perioada dificila pentru noi toti , desi noi activitatatea ne-o desfasuram in aer liber , iar Balta Corata 1 este intinsa pe o\u00a0 suprafata de 25 hectare , spatiu suficient pentru ca pescarii sa nu interactioneze intre ei in nici un fel , desi pescarilor le place linistea , si se autoizoleaza singuri pe balta \ud83d\ude42 ,dorim sa va informam urmatoarele :<\/p>\n<p>1.Balta Corata 1 nu este deschisa pentru pescuitul sportiv , conform ordonantelor de urgenta emise de autoritati, intrucat activitatile sportive si recreative sunt interzise in aceasta perioada. Balta Corata 1 este insa deschisa pentru a ne desfasura o alta activitate la punctul de lucru , aceea de acvacultura in apele dulci. Suntem deci in permanenta pe balta\u00a0 pentru a ingriji lacul si pestii , pentru a ne desfasura parte din activitate , permisa in conditiile actuale , asa cum este ea reglementata de autoritati. Colegul nostru , Paul Gabriel va difuza clipuri pe youtube cu partide de pescuit pentru voi ,cei\u00a0 care trebuie sa stati acasa in aceasta perioada. Atunci c\u00e2nd autoritatile vor permite ca pescarii sa revina pe balta , in continuare , pentru tot restul anului 2020 , vom mentine aceleasi reguli pentru combaterea pandemiei de COVID 19 :<\/p>\n<p>2. Distanta minima intre locurile de pescuit amenajate pe #baltacorata1 este de 100 m \u0219i va so<span class=\"text_exposed_show\">licitam insistent sa p\u0103stra\u021bi aceasta distanta . Balta Corata 1 este \u00eentinsa pe 25 hectare, spatiu suficient ca pescarii sa \u00ee\u0219i aleag\u0103 locul potrivit \u0219i sa nu interac\u021bioneze cu alte persoane str\u0103ine.<\/span><\/p>\n<p><span class=\"text_exposed_show\"><br \/>\n3. Va rugam sa nu veni\u021bi in grupuri mai mari de 3 persoane \u0219i sa p\u0103stra\u021bi distanta minima de 100 m dispus\u0103 intre locurile de pescuit.<\/span><\/p>\n<p><span class=\"text_exposed_show\"><br \/>\n4. Ne rezervam dreptul de a va interzice accesul pe #baltacorata1 in cazul in care prezenta\u021bi orice simptom de gripa sau in cazul in care nu respectati restrictiile impuse de autoritati in vederea combaterii pandemiei de COVID 19.<\/span><\/p>\n<p><span class=\"text_exposed_show\"><br \/>\n5. \u00centruc\u00e2t dorim sa \u021binem sub cont<\/span><span class=\"text_exposed_show\">rol num\u0103rul pescarilor prezen\u021bi pe balta , tocmai pentru a le asigura spatiu suficient in aer liber f\u0103r\u0103 a interac\u021biona intre ei, va rugam confirma\u021bi prezenta la num\u0103rul de telefon 0728061799 ( mesaj sau whatsapp ).<br \/>\nVa mul\u021bumim pentru \u00een\u021belegere ,va dorim mult\u0103 s\u0103n\u0103tate si sa ne revedem cat mai curand !<\/span><\/p>\n<p><img loading=\"lazy\" class=\"alignnone size-full wp-image-916\" src=\"http:\/\/www.baltacorata1.ro\/wp-content\/uploads\/2020\/04\/IMG_2040.jpg\" alt=\"\" width=\"1094\" height=\"564\" \/><\/p>\n<p>&nbsp;<\/p>\n","protected":false},"excerpt":{"rendered":"<p>Dragi pescari , In dorinta de a ne alinia masurilor generale de combatere a coronavirusului , si a reusi sa trecem cu bine peste aceasta perioada dificila pentru noi toti , desi noi activitatatea ne-o desfasuram in aer liber , iar Balta Corata 1 este intinsa pe o\u00a0 suprafata de 25 hectare , spatiu suficient [&hellip;]<\/p>\n","protected":false},"author":1,"featured_media":916,"comment_status":"open","ping_status":"open","sticky":false,"template":"","format":"standard","meta":[],"categories":[7,8],"tags":[],"yoast_head":"<!-- This site is optimized with the Yoast SEO plugin v19.4 - https:\/\/yoast.com\/wordpress\/plugins\/seo\/ -->\n<title>Masuri adoptate de Balta Corata1 pentru combaterea pandemiei de coronavirus - Balta Corata 1<\/title>\n<meta name=\"robots\" content=\"index, follow, max-snippet:-1, max-image-preview:large, max-video-preview:-1\" \/>\n<link rel=\"canonical\" href=\"https:\/\/clienti.webdesk.ro\/corata\/masuri-adoptate-de-balta-corata1-pentru-combaterea-pandemiei-de-coronavirus\/\" \/>\n<meta property=\"og:locale\" content=\"ro_RO\" \/>\n<meta property=\"og:type\" content=\"article\" \/>\n<meta property=\"og:title\" content=\"Masuri adoptate de Balta Corata1 pentru combaterea pandemiei de coronavirus - Balta Corata 1\" \/>\n<meta property=\"og:description\" content=\"Dragi pescari , In dorinta de a ne alinia masurilor generale de combatere a coronavirusului , si a reusi sa trecem cu bine peste aceasta perioada dificila pentru noi toti , desi noi activitatatea ne-o desfasuram in aer liber , iar Balta Corata 1 este intinsa pe o\u00a0 suprafata de 25 hectare , spatiu suficient [&hellip;]\" \/>\n<meta property=\"og:url\" content=\"https:\/\/clienti.webdesk.ro\/corata\/masuri-adoptate-de-balta-corata1-pentru-combaterea-pandemiei-de-coronavirus\/\" \/>\n<meta property=\"og:site_name\" content=\"Balta Corata 1\" \/>\n<meta property=\"article:published_time\" content=\"2020-03-20T10:46:34+00:00\" \/>\n<meta property=\"article:modified_time\" content=\"2020-04-24T11:04:18+00:00\" \/>\n<meta property=\"og:image\" content=\"https:\/\/clienti.webdesk.ro\/corata\/wp-content\/uploads\/2020\/04\/IMG_2040.jpg\" \/>\n\t<meta property=\"og:image:width\" content=\"1094\" \/>\n\t<meta property=\"og:image:height\" content=\"564\" \/>\n\t<meta property=\"og:image:type\" content=\"image\/jpeg\" \/>\n<meta name=\"author\" content=\"pescuit\" \/>\n<meta name=\"twitter:card\" content=\"summary_large_image\" \/>\n<meta name=\"twitter:label1\" content=\"Scris de\" \/>\n\t<meta name=\"twitter:data1\" content=\"pescuit\" \/>\n\t<meta name=\"twitter:label2\" content=\"Timp estimat pentru citire\" \/>\n\t<meta name=\"twitter:data2\" content=\"2 minute\" \/>\n<script type=\"application\/ld+json\" class=\"yoast-schema-graph\">{\"@context\":\"https:\/\/schema.org\",\"@graph\":[{\"@type\":\"WebSite\",\"@id\":\"https:\/\/clienti.webdesk.ro\/corata\/#website\",\"url\":\"https:\/\/clienti.webdesk.ro\/corata\/\",\"name\":\"Balta Corata 1\",\"description\":\"Pescuit cu cazare relaxare in aer liber langa Bucuresti\",\"potentialAction\":[{\"@type\":\"SearchAction\",\"target\":{\"@type\":\"EntryPoint\",\"urlTemplate\":\"https:\/\/clienti.webdesk.ro\/corata\/?s={search_term_string}\"},\"query-input\":\"required name=search_term_string\"}],\"inLanguage\":\"ro-RO\"},{\"@type\":\"WebPage\",\"@id\":\"https:\/\/clienti.webdesk.ro\/corata\/masuri-adoptate-de-balta-corata1-pentru-combaterea-pandemiei-de-coronavirus\/\",\"url\":\"https:\/\/clienti.webdesk.ro\/corata\/masuri-adoptate-de-balta-corata1-pentru-combaterea-pandemiei-de-coronavirus\/\",\"name\":\"Masuri adoptate de Balta Corata1 pentru combaterea pandemiei de coronavirus - Balta Corata 1\",\"isPartOf\":{\"@id\":\"https:\/\/clienti.webdesk.ro\/corata\/#website\"},\"datePublished\":\"2020-03-20T10:46:34+00:00\",\"dateModified\":\"2020-04-24T11:04:18+00:00\",\"author\":{\"@id\":\"https:\/\/clienti.webdesk.ro\/corata\/#\/schema\/person\/90bb71a6f428e77bd144505956610b43\"},\"breadcrumb\":{\"@id\":\"https:\/\/clienti.webdesk.ro\/corata\/masuri-adoptate-de-balta-corata1-pentru-combaterea-pandemiei-de-coronavirus\/#breadcrumb\"},\"inLanguage\":\"ro-RO\",\"potentialAction\":[{\"@type\":\"ReadAction\",\"target\":[\"https:\/\/clienti.webdesk.ro\/corata\/masuri-adoptate-de-balta-corata1-pentru-combaterea-pandemiei-de-coronavirus\/\"]}]},{\"@type\":\"BreadcrumbList\",\"@id\":\"https:\/\/clienti.webdesk.ro\/corata\/masuri-adoptate-de-balta-corata1-pentru-combaterea-pandemiei-de-coronavirus\/#breadcrumb\",\"itemListElement\":[{\"@type\":\"ListItem\",\"position\":1,\"name\":\"Prima pagin\u0103\",\"item\":\"https:\/\/clienti.webdesk.ro\/corata\/\"},{\"@type\":\"ListItem\",\"position\":2,\"name\":\"Masuri adoptate de Balta Corata1 pentru combaterea pandemiei de coronavirus\"}]},{\"@type\":\"Person\",\"@id\":\"https:\/\/clienti.webdesk.ro\/corata\/#\/schema\/person\/90bb71a6f428e77bd144505956610b43\",\"name\":\"pescuit\",\"image\":{\"@type\":\"ImageObject\",\"inLanguage\":\"ro-RO\",\"@id\":\"https:\/\/clienti.webdesk.ro\/corata\/#\/schema\/person\/image\/\",\"url\":\"https:\/\/secure.gravatar.com\/avatar\/f5921772d85c75a5fb24c80333c87dcc?s=96&d=mm&r=g\",\"contentUrl\":\"https:\/\/secure.gravatar.com\/avatar\/f5921772d85c75a5fb24c80333c87dcc?s=96&d=mm&r=g\",\"caption\":\"pescuit\"}}]}<\/script>\n<!-- \/ Yoast SEO plugin. -->","yoast_head_json":{"title":"Masuri adoptate de Balta Corata1 pentru combaterea pandemiei de coronavirus - Balta Corata 1","robots":{"index":"index","follow":"follow","max-snippet":"max-snippet:-1","max-image-preview":"max-image-preview:large","max-video-preview":"max-video-preview:-1"},"canonical":"https:\/\/clienti.webdesk.ro\/corata\/masuri-adoptate-de-balta-corata1-pentru-combaterea-pandemiei-de-coronavirus\/","og_locale":"ro_RO","og_type":"article","og_title":"Masuri adoptate de Balta Corata1 pentru combaterea pandemiei de coronavirus - Balta Corata 1","og_description":"Dragi pescari , In dorinta de a ne alinia masurilor generale de combatere a coronavirusului , si a reusi sa trecem cu bine peste aceasta perioada dificila pentru noi toti , desi noi activitatatea ne-o desfasuram in aer liber , iar Balta Corata 1 este intinsa pe o\u00a0 suprafata de 25 hectare , spatiu suficient [&hellip;]","og_url":"https:\/\/clienti.webdesk.ro\/corata\/masuri-adoptate-de-balta-corata1-pentru-combaterea-pandemiei-de-coronavirus\/","og_site_name":"Balta Corata 1","article_published_time":"2020-03-20T10:46:34+00:00","article_modified_time":"2020-04-24T11:04:18+00:00","og_image":[{"width":1094,"height":564,"url":"https:\/\/clienti.webdesk.ro\/corata\/wp-content\/uploads\/2020\/04\/IMG_2040.jpg","type":"image\/jpeg"}],"author":"pescuit","twitter_card":"summary_large_image","twitter_misc":{"Scris de":"pescuit","Timp estimat pentru citire":"2 minute"},"schema":{"@context":"https:\/\/schema.org","@graph":[{"@type":"WebSite","@id":"https:\/\/clienti.webdesk.ro\/corata\/#website","url":"https:\/\/clienti.webdesk.ro\/corata\/","name":"Balta Corata 1","description":"Pescuit cu cazare relaxare in aer liber langa Bucuresti","potentialAction":[{"@type":"SearchAction","target":{"@type":"EntryPoint","urlTemplate":"https:\/\/clienti.webdesk.ro\/corata\/?s={search_term_string}"},"query-input":"required name=search_term_string"}],"inLanguage":"ro-RO"},{"@type":"WebPage","@id":"https:\/\/clienti.webdesk.ro\/corata\/masuri-adoptate-de-balta-corata1-pentru-combaterea-pandemiei-de-coronavirus\/","url":"https:\/\/clienti.webdesk.ro\/corata\/masuri-adoptate-de-balta-corata1-pentru-combaterea-pandemiei-de-coronavirus\/","name":"Masuri adoptate de Balta Corata1 pentru combaterea pandemiei de coronavirus - Balta Corata 1","isPartOf":{"@id":"https:\/\/clienti.webdesk.ro\/corata\/#website"},"datePublished":"2020-03-20T10:46:34+00:00","dateModified":"2020-04-24T11:04:18+00:00","author":{"@id":"https:\/\/clienti.webdesk.ro\/corata\/#\/schema\/person\/90bb71a6f428e77bd144505956610b43"},"breadcrumb":{"@id":"https:\/\/clienti.webdesk.ro\/corata\/masuri-adoptate-de-balta-corata1-pentru-combaterea-pandemiei-de-coronavirus\/#breadcrumb"},"inLanguage":"ro-RO","potentialAction":[{"@type":"ReadAction","target":["https:\/\/clienti.webdesk.ro\/corata\/masuri-adoptate-de-balta-corata1-pentru-combaterea-pandemiei-de-coronavirus\/"]}]},{"@type":"BreadcrumbList","@id":"https:\/\/clienti.webdesk.ro\/corata\/masuri-adoptate-de-balta-corata1-pentru-combaterea-pandemiei-de-coronavirus\/#breadcrumb","itemListElement":[{"@type":"ListItem","position":1,"name":"Prima pagin\u0103","item":"https:\/\/clienti.webdesk.ro\/corata\/"},{"@type":"ListItem","position":2,"name":"Masuri adoptate de Balta Corata1 pentru combaterea pandemiei de coronavirus"}]},{"@type":"Person","@id":"https:\/\/clienti.webdesk.ro\/corata\/#\/schema\/person\/90bb71a6f428e77bd144505956610b43","name":"pescuit","image":{"@type":"ImageObject","inLanguage":"ro-RO","@id":"https:\/\/clienti.webdesk.ro\/corata\/#\/schema\/person\/image\/","url":"https:\/\/secure.gravatar.com\/avatar\/f5921772d85c75a5fb24c80333c87dcc?s=96&d=mm&r=g","contentUrl":"https:\/\/secure.gravatar.com\/avatar\/f5921772d85c75a5fb24c80333c87dcc?s=96&d=mm&r=g","caption":"pescuit"}}]}},"_links":{"self":[{"href":"https:\/\/clienti.webdesk.ro\/corata\/wp-json\/wp\/v2\/posts\/889"}],"collection":[{"href":"https:\/\/clienti.webdesk.ro\/corata\/wp-json\/wp\/v2\/posts"}],"about":[{"href":"https:\/\/clienti.webdesk.ro\/corata\/wp-json\/wp\/v2\/types\/post"}],"author":[{"embeddable":true,"href":"https:\/\/clienti.webdesk.ro\/corata\/wp-json\/wp\/v2\/users\/1"}],"replies":[{"embeddable":true,"href":"https:\/\/clienti.webdesk.ro\/corata\/wp-json\/wp\/v2\/comments?post=889"}],"version-history":[{"count":6,"href":"https:\/\/clienti.webdesk.ro\/corata\/wp-json\/wp\/v2\/posts\/889\/revisions"}],"predecessor-version":[{"id":945,"href":"https:\/\/clienti.webdesk.ro\/corata\/wp-json\/wp\/v2\/posts\/889\/revisions\/945"}],"wp:featuredmedia":[{"embeddable":true,"href":"https:\/\/clienti.webdesk.ro\/corata\/wp-json\/wp\/v2\/media\/916"}],"wp:attachment":[{"href":"https:\/\/clienti.webdesk.ro\/corata\/wp-json\/wp\/v2\/media?parent=889"}],"wp:term":[{"taxonomy":"category","embeddable":true,"href":"https:\/\/clienti.webdesk.ro\/corata\/wp-json\/wp\/v2\/categories?post=889"},{"taxonomy":"post_tag","embeddable":true,"href":"https:\/\/clienti.webdesk.ro\/corata\/wp-json\/wp\/v2\/tags?post=889"}],"curies":[{"name":"wp","href":"https:\/\/api.w.org\/{rel}","templated":true}]}}